{"id":587,"date":"2017-10-11T07:52:30","date_gmt":"2017-10-11T07:52:30","guid":{"rendered":"https:\/\/zrovit.sk\/?p=587"},"modified":"2017-10-11T14:07:10","modified_gmt":"2017-10-11T14:07:10","slug":"medzinarodna-konferencia-v-meste-rzeszow","status":"publish","type":"post","link":"https:\/\/zrovit.sk\/?p=587","title":{"rendered":"Medzin\u00e1rodn\u00e1 konferencia v meste Rzesz\u00f3w"},"content":{"rendered":"<p style=\"text-align: justify;\"><img decoding=\"async\" loading=\"lazy\" class=\"alignright wp-image-329 size-medium\" src=\"https:\/\/zrovit.sk\/wp-content\/uploads\/2017\/06\/Poland-Slovakia_SK_01-FUND_RGB-300x105.jpg\" alt=\"Poland-Slovakia_SK_01+FUND_RGB\" width=\"300\" height=\"105\" srcset=\"https:\/\/zrovit.sk\/wp-content\/uploads\/2017\/06\/Poland-Slovakia_SK_01-FUND_RGB-300x105.jpg 300w, https:\/\/zrovit.sk\/wp-content\/uploads\/2017\/06\/Poland-Slovakia_SK_01-FUND_RGB-1024x360.jpg 1024w\" sizes=\"(max-width: 300px) 100vw, 300px\" \/><\/p>\n<p style=\"text-align: justify;\">D\u0148a 6.10.2017 sa v\u00a0meste Rzesz\u00f3w konala druh\u00e1 medzin\u00e1rodn\u00e1 konferencia v\u00a0r\u00e1mci projektu \u201eModern\u00e9 vzdel\u00e1vanie bez hran\u00edc otv\u00e1ra vidiek podnikaniu\u201c. Konferencia s\u00a0medzin\u00e1rodnou \u00fa\u010das\u0165ou odborn\u00edkov z oblasti vidieckeho cestovn\u00e9ho ruchu sa konala v\u00a0priestoroch Univerzity Rzesz\u00f3w. Jej cie\u013eom bolo predstavi\u0165 \u00fa\u010dastn\u00edkom, z\u00e1stupcom univerz\u00edt, \u0161tudentom, akt\u00e9rom a\u00a0\u013eu\u010fom so z\u00e1ujmom v oblasti vidieckeho cestovn\u00e9ho ruchu, s\u00fa\u010dasn\u00fa situ\u00e1ciu v predmetnom pohrani\u010dnom \u00fazem\u00ed a pouk\u00e1za\u0165 na jeho potenci\u00e1l a probl\u00e9my rozvoja vidieckeho cestovn\u00e9ho ruchu. V nadv\u00e4znosti na to, predstavi\u0165 projekt cezhrani\u010dnej spolupr\u00e1ce, jeho ciele a\u00a0aktivity.<\/p>\n<p style=\"text-align: justify;\"><!--more-->Konferencia prispela k\u00a0vz\u00e1jomn\u00e9mu poznaniu pohrani\u010dn\u00e9ho \u00fazemia prezent\u00e1ciou \u013eudovej kult\u00fary, gastron\u00f3mie a pr\u00edrodn\u00e9ho potenci\u00e1lu po\u013esk\u00e9ho a slovensk\u00e9ho pohrani\u010dia. Partneri projektu takto u\u017e od za\u010diatku realiz\u00e1cie projektu potvrdzuj\u00fa spr\u00e1vnu spolupr\u00e1cu spolo\u010dnou prezent\u00e1ciou bohatstva oboch str\u00e1n pohrani\u010dia. \u00da\u010dastn\u00edci si v\u00a0z\u00e1vere\u010dnej \u010dasti podujatia pochutn\u00e1vali na slovensk\u00fdch a\u00a0po\u013esk\u00fdch region\u00e1lnych produktoch, obdivovali remeseln\u00e9 pr\u00e1ce a zab\u00e1vali sa pri folkl\u00f3rnych vst\u00fapeniach, \u010d\u00edm bola vyzdvihnut\u00e1 potreba zachov\u00e1vania a\u00a0vyu\u017e\u00edvania \u013eudovej kult\u00fary vo vidieckom cestovnom ruchu. \u00da\u010dastn\u00edci taktie\u017e diskutovali o\u00a0otvoren\u00fdch t\u00e9mach, d\u00e1vali n\u00e1vrhy a\u00a0podnety v\u00a0r\u00e1mci \u010fal\u0161\u00edch aktiv\u00edt projektu a\u00a0touto konferenciu vzniklo aj nieko\u013eko potenci\u00e1lnych spolupr\u00e1c. Na konferencii sa z\u00fa\u010dastnilo takmer 170 \u00fa\u010dastn\u00edkov, \u010do sved\u010d\u00ed o\u00a0aktu\u00e1lnosti t\u00e9my vidieckeho cestovn\u00e9ho ruchu a\u00a0potrebe venova\u0165 jej pozornos\u0165.<\/p>\n<p style=\"text-align: justify;\"><a href=\"https:\/\/zrovit.sk\/wp-content\/uploads\/2017\/10\/spra\u0301va-z-podujatia-21.pdf\">SPR\u00c1VA Z PODUJATIA<\/a><\/p>\n<p><a href=\"https:\/\/zrovit.sk\/index.php\/nggallery\/medzinarodna-konferencia-rzeszow\/medzinarodna-konferencia-v-meste-rzeszow?page_id=476\">[nggallery id=6]<\/a><\/p>\n<p style=\"text-align: justify;\">\n","protected":false},"excerpt":{"rendered":"<p>D\u0148a 6.10.2017 sa v\u00a0meste Rzesz\u00f3w konala druh\u00e1 medzin\u00e1rodn\u00e1 konferencia v\u00a0r\u00e1mci projektu \u201eModern\u00e9 vzdel\u00e1vanie bez hran\u00edc otv\u00e1ra vidiek podnikaniu\u201c. Konferencia s\u00a0medzin\u00e1rodnou \u00fa\u010das\u0165ou odborn\u00edkov z oblasti vidieckeho cestovn\u00e9ho ruchu sa konala v\u00a0priestoroch Univerzity Rzesz\u00f3w. Jej cie\u013eom bolo predstavi\u0165 \u00fa\u010dastn\u00edkom, z\u00e1stupcom univerz\u00edt, \u0161tudentom, akt\u00e9rom a\u00a0\u013eu\u010fom so z\u00e1ujmom v oblasti vidieckeho cestovn\u00e9ho ruchu, s\u00fa\u010dasn\u00fa situ\u00e1ciu v predmetnom pohrani\u010dnom \u00fazem\u00ed [&hellip;]<\/p>\n","protected":false},"author":2,"featured_media":0,"comment_status":"open","ping_status":"open","sticky":false,"template":"","format":"standard","meta":[],"categories":[3,5],"tags":[],"_links":{"self":[{"href":"https:\/\/zrovit.sk\/index.php?rest_route=\/wp\/v2\/posts\/587"}],"collection":[{"href":"https:\/\/zrovit.sk\/index.php?rest_route=\/wp\/v2\/posts"}],"about":[{"href":"https:\/\/zrovit.sk\/index.php?rest_route=\/wp\/v2\/types\/post"}],"author":[{"embeddable":true,"href":"https:\/\/zrovit.sk\/index.php?rest_route=\/wp\/v2\/users\/2"}],"replies":[{"embeddable":true,"href":"https:\/\/zrovit.sk\/index.php?rest_route=%2Fwp%2Fv2%2Fcomments&post=587"}],"version-history":[{"count":11,"href":"https:\/\/zrovit.sk\/index.php?rest_route=\/wp\/v2\/posts\/587\/revisions"}],"predecessor-version":[{"id":653,"href":"https:\/\/zrovit.sk\/index.php?rest_route=\/wp\/v2\/posts\/587\/revisions\/653"}],"wp:attachment":[{"href":"https:\/\/zrovit.sk\/index.php?rest_route=%2Fwp%2Fv2%2Fmedia&parent=587"}],"wp:term":[{"taxonomy":"category","embeddable":true,"href":"https:\/\/zrovit.sk\/index.php?rest_route=%2Fwp%2Fv2%2Fcategories&post=587"},{"taxonomy":"post_tag","embeddable":true,"href":"https:\/\/zrovit.sk\/index.php?rest_route=%2Fwp%2Fv2%2Ftags&post=587"}],"curies":[{"name":"wp","href":"https:\/\/api.w.org\/{rel}","templated":true}]}}