{"id":285,"date":"2016-09-12T12:25:54","date_gmt":"2016-09-12T12:25:54","guid":{"rendered":"https:\/\/zrovit.sk\/?p=285"},"modified":"2017-01-22T14:47:41","modified_gmt":"2017-01-22T14:47:41","slug":"boli-sme-na-podujati-goralske-folklorne-slavnosti-2016","status":"publish","type":"post","link":"https:\/\/zrovit.sk\/?p=285","title":{"rendered":"Goralsk\u00e9 folkl\u00f3rne sl\u00e1vnosti 2016"},"content":{"rendered":"<p style=\"text-align: justify;\">Goralsk\u00e9 folkl\u00f3rne sl\u00e1vnosti s\u00fa u\u017e dnes trad\u00edciou v\u00fdchodn\u00e9ho Slovenska, na ktor\u00fa ka\u017edoro\u010dne zav\u00edtaj\u00fa tis\u00edce nad\u0161encov \u013eudovej kult\u00fary, trad\u00edci\u00ed, folkl\u00f3rnej hudby a\u00a0goralskej kult\u00fary. Hist\u00f3ria t\u00fdchto sl\u00e1vnost\u00ed siaha a\u017e do roku 1994, kedy sa konalo podujatie po prv\u00fd kr\u00e1t. Tohtoro\u010dn\u00e9 sl\u00e1vnosti sa konali u\u017e po 22. kr\u00e1t a\u00a0tak ako ka\u017ed\u00fd rok, aj tento kr\u00e1t obec \u017ddiar rozkvitla krojmi a\u00a0folkl\u00f3rnou hudbou po\u010das slne\u010dn\u00fdch letn\u00fdch dn\u00ed 13. a 14. augusta 2016.<strong><br \/>\n<\/strong><\/p>\n<p><!--more--><\/p>\n<p style=\"text-align: justify;\">Tradi\u010dne sa po\u010das v\u00edkendu konali sv\u00e4t\u00e9 om\u0161e na po\u010des\u0165 goralskej kult\u00fare. Podujatie sa konalo v\u00a0Skicentre Strednica v\u00a0\u017ddiari, ale pies\u0148ami a\u00a0nad\u0161en\u00edm \u017eila cel\u00e1 obec. Vozov\u00fd sprievod obcou pritiahol pozornos\u0165 v\u0161etk\u00fdch obyvate\u013eov a\u00a0niet sa \u010domu \u010dudova\u0165, ve\u010f koho poh\u013eadu by unikol sprievod majest\u00e1tnych par\u00e1dnych kon\u00ed, zapriahnut\u00fdch do vyzdoben\u00fdch vozov so spievaj\u00facimi obyvate\u013emi v\u00a0krojoch. Sprievod l\u00e1kal obyvate\u013eov a\u00a0n\u00e1v\u0161tevn\u00edkov obce \u017ddiar priamo na miesto, kde u\u017e v\u00a0plnom pr\u00fade prebiehali pr\u00edpravy folkl\u00f3rnych s\u00faborov na ich vyst\u00fapenia. Sledova\u0165 pr\u00edpravu \u00fa\u010dinkuj\u00facich a\u00a0vn\u00edma\u0165 ich oddanos\u0165 a\u00a0l\u00e1sku k\u00a0trad\u00edci\u00e1m a\u00a0folkl\u00f3ru bol ve\u013ek\u00fdm z\u00e1\u017eitkom. Programu sa z\u00fa\u010dastnili folkl\u00f3rne s\u00fabory prezentuj\u00face nie len goralsk\u00e9 piesne, zo Slovenska, Po\u013eska a\u00a0Loty\u0161ska. Podujatie spestrila aj skupina Vidiek a\u00a0spev\u00e1\u010dka Krist\u00edna. \u00a0Medzi n\u00e1v\u0161tevn\u00edkmi boli v\u0161etky vekov\u00e9 kateg\u00f3rie od det\u00ed, cez ml\u00e1de\u017e, dospel\u00fdch a\u017e po d\u00f4chodcov, ktor\u00ed si nemohli necha\u0165 ujs\u0165 tieto dni, kedy sa v\u0161etci zab\u00e1vaj\u00fa a\u00a0pripom\u00ednaj\u00fa si t\u00fato ich nesmierne bohat\u00fa a\u00a0jedine\u010dn\u00fa kult\u00faru. Podujatie pril\u00e1kalo do obce \u017ddiar n\u00e1v\u0161tevn\u00edkov zo \u0161irok\u00fdch k\u00fatov Slovenska, ale aj z\u00a0bl\u00edzkeho Po\u013eska. Nepochybne, aktivity \u013eud\u00ed ako bola t\u00e1to, prispievaj\u00fa k\u00a0prezent\u00e1cii regi\u00f3nu, rozvoju vidieckeho cestovn\u00e9ho ruchu a\u00a0v\u00a0neposlednom rade k\u00a0zachovaniu \u013eudovej kult\u00fary, folkl\u00f3ru a\u00a0trad\u00edci\u00ed, ktor\u00e9 s\u00fa jedn\u00fdm z\u00a0najd\u00f4le\u017eitej\u0161\u00edch prvkov n\u00e1\u0161ho vidieckeho cestovn\u00e9ho ruchu. Pozit\u00edvna je tie\u017e skuto\u010dnos\u0165, \u017ee aj tak\u00e9ho aktivity podporuj\u00fa fondy a org\u00e1ny, ako v\u00a0tomto pr\u00edpade Fond na podporu umenia, ktor\u00fd bol hlavn\u00fdm partnerom podujatia, okrem neho aj OOCR Tatry-Spi\u0161-Pieniny, Ministerstvo dopravy, v\u00fdstavby a\u00a0region\u00e1lneho rozvoja SR, PSK a\u00a0ve\u013ekou mierou pri organiz\u00e1cii prispela obec \u017ddiar.<\/p>\n<p>&nbsp;<\/p>\n<p>&nbsp;<\/p>\n","protected":false},"excerpt":{"rendered":"<p>Goralsk\u00e9 folkl\u00f3rne sl\u00e1vnosti s\u00fa u\u017e dnes trad\u00edciou v\u00fdchodn\u00e9ho Slovenska, na ktor\u00fa ka\u017edoro\u010dne zav\u00edtaj\u00fa tis\u00edce nad\u0161encov \u013eudovej kult\u00fary, trad\u00edci\u00ed, folkl\u00f3rnej hudby a\u00a0goralskej kult\u00fary. Hist\u00f3ria t\u00fdchto sl\u00e1vnost\u00ed siaha a\u017e do roku 1994, kedy sa konalo podujatie po prv\u00fd kr\u00e1t. Tohtoro\u010dn\u00e9 sl\u00e1vnosti sa konali u\u017e po 22. kr\u00e1t a\u00a0tak ako ka\u017ed\u00fd rok, aj tento kr\u00e1t obec \u017ddiar rozkvitla [&hellip;]<\/p>\n","protected":false},"author":2,"featured_media":0,"comment_status":"open","ping_status":"open","sticky":false,"template":"","format":"standard","meta":[],"categories":[3],"tags":[],"_links":{"self":[{"href":"https:\/\/zrovit.sk\/index.php?rest_route=\/wp\/v2\/posts\/285"}],"collection":[{"href":"https:\/\/zrovit.sk\/index.php?rest_route=\/wp\/v2\/posts"}],"about":[{"href":"https:\/\/zrovit.sk\/index.php?rest_route=\/wp\/v2\/types\/post"}],"author":[{"embeddable":true,"href":"https:\/\/zrovit.sk\/index.php?rest_route=\/wp\/v2\/users\/2"}],"replies":[{"embeddable":true,"href":"https:\/\/zrovit.sk\/index.php?rest_route=%2Fwp%2Fv2%2Fcomments&post=285"}],"version-history":[{"count":7,"href":"https:\/\/zrovit.sk\/index.php?rest_route=\/wp\/v2\/posts\/285\/revisions"}],"predecessor-version":[{"id":293,"href":"https:\/\/zrovit.sk\/index.php?rest_route=\/wp\/v2\/posts\/285\/revisions\/293"}],"wp:attachment":[{"href":"https:\/\/zrovit.sk\/index.php?rest_route=%2Fwp%2Fv2%2Fmedia&parent=285"}],"wp:term":[{"taxonomy":"category","embeddable":true,"href":"https:\/\/zrovit.sk\/index.php?rest_route=%2Fwp%2Fv2%2Fcategories&post=285"},{"taxonomy":"post_tag","embeddable":true,"href":"https:\/\/zrovit.sk\/index.php?rest_route=%2Fwp%2Fv2%2Ftags&post=285"}],"curies":[{"name":"wp","href":"https:\/\/api.w.org\/{rel}","templated":true}]}}